{"id":944,"date":"2011-07-25T19:52:18","date_gmt":"2011-07-25T19:52:18","guid":{"rendered":"http:\/\/legendmtbclub.cz\/?p=944"},"modified":"2011-08-07T20:53:31","modified_gmt":"2011-08-07T20:53:31","slug":"pisecke-hory","status":"publish","type":"post","link":"https:\/\/LegendMTBclub.cz\/?p=944","title":{"rendered":"P\u00edseck\u00e9 hory"},"content":{"rendered":"<p>Ned\u011ble slibovala nest\u00e1l\u00e9 a chladn\u00e9 po\u010das\u00ed, co se docela vyplnilo. Oproti 32\u02daC minul\u00ed t\u00fdden dnes pouze 13\u02daC. Nastoupili jsme do vlaku 7.07 \u00a0do P\u00edsku a v 8hod jsme \u0161lapali v ter\u00e9nu sm\u011br Velk\u00fd Meheln\u00edk, nejvy\u0161\u0161\u00ed bod P\u00edseck\u00fdch hor.<\/p>\n<p><a href=\"http:\/\/www.cykloserver.cz\/cykloatlas\/?d=59913#pos=49.20010|14.42883|12\">Trasa<\/a>. <a href=\"http:\/\/legendmtbclub.cz\/?page_id=128&amp;album=8&amp;gallery=35\">Fotogalerie.<\/a><\/p>\n<p><!--more--><\/p>\n<hr \/>\n<p>Dnes jsme vynechali Jarn\u00edk a p\u0159es Malou a Velkou bra\u0161nu sm\u011b\u0159ujeme na Velk\u00fd Meheln\u00edk. Sva\u010dina na Loupe\u017enick\u00e9m stole<\/p>\n<p><a rel=\"attachment wp-att-953\" href=\"http:\/\/legendmtbclub.cz\/?attachment_id=953\"><img loading=\"lazy\" decoding=\"async\" title=\"IMG_2744\" src=\"http:\/\/legendmtbclub.cz\/wp-content\/uploads\/2011\/07\/IMG_2744.jpg\" alt=\"\" width=\"620\" height=\"480\" \/><\/a><\/p>\n<p>\u0160lapali jsme jako o \u017eivot a\u017e na mal\u00e9 p\u0159ek\u00e1\u017eky skrze polomy, kter\u00e9 zas\u00e1hli i P\u00edseck\u00e9 hory.<\/p>\n<p><a rel=\"attachment wp-att-958\" href=\"http:\/\/legendmtbclub.cz\/?attachment_id=958\"><img loading=\"lazy\" decoding=\"async\" title=\"IMG_2755\" src=\"http:\/\/legendmtbclub.cz\/wp-content\/uploads\/2011\/07\/IMG_2755.jpg\" alt=\"\" width=\"620\" height=\"480\" \/><\/a><\/p>\n<p>Na Vysok\u00e9m Kam\u00fdku se opravuje rozhledna.<\/p>\n<p><a rel=\"attachment wp-att-961\" href=\"http:\/\/legendmtbclub.cz\/?attachment_id=961\"><img loading=\"lazy\" decoding=\"async\" class=\"alignnone size-full wp-image-961\" title=\"IMG_2759\" src=\"http:\/\/legendmtbclub.cz\/wp-content\/uploads\/2011\/07\/IMG_2759.jpg\" alt=\"\" width=\"600\" height=\"800\" srcset=\"http:\/\/LegendMTBclub.cz\/wp-content\/uploads\/2011\/07\/IMG_2759.jpg 600w, http:\/\/LegendMTBclub.cz\/wp-content\/uploads\/2011\/07\/IMG_2759-225x300.jpg 225w\" sizes=\"auto, (max-width: 600px) 100vw, 600px\" \/><\/a><\/p>\n<p>Po nechutn\u00e9m ob\u011bd\u011b v T\u00fdn\u011b nad Vltavou to byla u\u017e rutina a trochu de\u0161t\u011b na z\u00e1v\u011br. Pavel ve sjezdu z Karlova hr\u00e1dku.<\/p>\n<p><a rel=\"attachment wp-att-962\" href=\"http:\/\/legendmtbclub.cz\/?attachment_id=962\"><img loading=\"lazy\" decoding=\"async\" class=\"alignnone size-full wp-image-962\" title=\"IMG_2767\" src=\"http:\/\/legendmtbclub.cz\/wp-content\/uploads\/2011\/07\/IMG_2767.jpg\" alt=\"\" width=\"600\" height=\"800\" srcset=\"http:\/\/LegendMTBclub.cz\/wp-content\/uploads\/2011\/07\/IMG_2767.jpg 600w, http:\/\/LegendMTBclub.cz\/wp-content\/uploads\/2011\/07\/IMG_2767-225x300.jpg 225w\" sizes=\"auto, (max-width: 600px) 100vw, 600px\" \/><\/a><\/p>\n","protected":false},"excerpt":{"rendered":"<p>Ned\u011ble slibovala nest\u00e1l\u00e9 a chladn\u00e9 po\u010das\u00ed, co se docela vyplnilo. Oproti 32\u02daC minul\u00ed t\u00fdden dnes pouze 13\u02daC. Nastoupili jsme do vlaku 7.07 \u00a0do P\u00edsku a v 8hod jsme \u0161lapali v ter\u00e9nu sm\u011br Velk\u00fd Meheln\u00edk, nejvy\u0161\u0161\u00ed bod P\u00edseck\u00fdch hor. Trasa. Fotogalerie.<\/p>\n","protected":false},"author":1,"featured_media":945,"comment_status":"open","ping_status":"closed","sticky":false,"template":"","format":"standard","meta":{"ngg_post_thumbnail":0,"_jetpack_newsletter_access":"","_jetpack_dont_email_post_to_subs":false,"_jetpack_newsletter_tier_id":0,"_jetpack_memberships_contains_paywalled_content":false,"_jetpack_memberships_contains_paid_content":false,"footnotes":""},"categories":[5],"tags":[],"class_list":["post-944","post","type-post","status-publish","format-standard","has-post-thumbnail","hentry","category-trasy"],"jetpack_featured_media_url":"https:\/\/LegendMTBclub.cz\/wp-content\/uploads\/2011\/07\/mehelnik.jpg","jetpack_sharing_enabled":true,"jetpack_shortlink":"https:\/\/wp.me\/p8w082-fe","_links":{"self":[{"href":"https:\/\/LegendMTBclub.cz\/index.php?rest_route=\/wp\/v2\/posts\/944","targetHints":{"allow":["GET"]}}],"collection":[{"href":"https:\/\/LegendMTBclub.cz\/index.php?rest_route=\/wp\/v2\/posts"}],"about":[{"href":"https:\/\/LegendMTBclub.cz\/index.php?rest_route=\/wp\/v2\/types\/post"}],"author":[{"embeddable":true,"href":"https:\/\/LegendMTBclub.cz\/index.php?rest_route=\/wp\/v2\/users\/1"}],"replies":[{"embeddable":true,"href":"https:\/\/LegendMTBclub.cz\/index.php?rest_route=%2Fwp%2Fv2%2Fcomments&post=944"}],"version-history":[{"count":19,"href":"https:\/\/LegendMTBclub.cz\/index.php?rest_route=\/wp\/v2\/posts\/944\/revisions"}],"predecessor-version":[{"id":1011,"href":"https:\/\/LegendMTBclub.cz\/index.php?rest_route=\/wp\/v2\/posts\/944\/revisions\/1011"}],"wp:featuredmedia":[{"embeddable":true,"href":"https:\/\/LegendMTBclub.cz\/index.php?rest_route=\/wp\/v2\/media\/945"}],"wp:attachment":[{"href":"https:\/\/LegendMTBclub.cz\/index.php?rest_route=%2Fwp%2Fv2%2Fmedia&parent=944"}],"wp:term":[{"taxonomy":"category","embeddable":true,"href":"https:\/\/LegendMTBclub.cz\/index.php?rest_route=%2Fwp%2Fv2%2Fcategories&post=944"},{"taxonomy":"post_tag","embeddable":true,"href":"https:\/\/LegendMTBclub.cz\/index.php?rest_route=%2Fwp%2Fv2%2Ftags&post=944"}],"curies":[{"name":"wp","href":"https:\/\/api.w.org\/{rel}","templated":true}]}}