{"id":1274,"date":"2011-10-07T18:27:07","date_gmt":"2011-10-07T18:27:07","guid":{"rendered":"http:\/\/legendmtbclub.cz\/?p=1274"},"modified":"2011-11-11T16:20:36","modified_gmt":"2011-11-11T16:20:36","slug":"bile-karpaty-a-vizovicke-vrchy","status":"publish","type":"post","link":"https:\/\/LegendMTBclub.cz\/?p=1274","title":{"rendered":"B\u00edl\u00e9 Karpaty a Vizovick\u00e9 vrchy."},"content":{"rendered":"<p>Slo\u017een\u00ed bandy: Jirka,Lojza,Pavel a Petr.<br \/>\n\u00dakoly byli na za\u010d\u00e1tku jasn\u00e9.<br \/>\nPe\u0165a byl jmenov\u00e1n vrchn\u00edm dopravcem.<br \/>\nPavel jako v\u017edy tras\u00e9r.<br \/>\nJ\u00e1 jsem byl pasov\u00e1n na dokumentaristu a hoteli\u00e9ra.<br \/>\nJirka na domumentaristu a sva\u010din\u00e1\u0159e.<\/p>\n<hr \/>\n<p><!--more-->Ale po po\u0159\u00e1dku.<br \/>\n<strong> \u010ctvrtek:<\/strong> Nalo\u017een\u00ed kol a osob ve \u010dtvrtek ve\u010der prob\u011bhl v naprost\u00e9m po\u0159\u00e1dku. Cesta ut\u00edkala super rychlost\u00ed a\u017e do.. nev\u00edm p\u0159esn\u011b kdy za\u010dali probl\u00e9my s autem, proto\u017ee jsem spal, ale auto nejelo.<br \/>\nPetr m\u011bl \u010dern\u00fd punt\u00edk. Zastavili jsme na krajnici d\u00e1lnice D1, vypnuli motor, sv\u011btla a \u010dekali&#8230;.. Pak Petr nastartoval a probl\u00e9m byl vy\u0159e\u0161en. \u010cern\u00fd punt\u00edk mu byl smaz\u00e1n.<br \/>\nUbytov\u00e1n\u00ed prob\u011bhlo v p\u016flnoci a mus\u00edm pod\u011bkovat spr\u00e1vci ubytovny p. Ji\u0159\u00ed\u010dkovi \u017ee na n\u00e1s \u010dekal a\u017e do p\u0159\u00edjezdu. Pak u\u017e jenom pivo , Jagermaister a na kut\u011b.<\/p>\n<p><strong>P\u00e1tek:<\/strong>V p\u00e1tek n\u00e1s \u010dekala kr\u00e1lovsk\u00e1 etapa, kterou napl\u00e1noval tras\u00e9r Pavel. Na na\u0161e dotazy se jen potuteln\u011b usm\u00edval. Zakr\u00e1tko jme poznali pro\u010d. Ale popravd\u011b \u00fa\u017easn\u00e9 trasy na kolo, singltreky, rozbit\u00e9 lesn\u00ed cesty, kter\u00e9 byli pln\u00e9 d\u011br od lesn\u00ed techniky a j\u00edzda ve vy\u0161\u0161\u00ed rychlosti kolem nich byl po\u0159\u00e1dn\u00fd adrenalin.Poznali jsme,\u017ee zna\u010dka &#8222;nesj\u00edzdn\u00e1 trasa&#8220; schov\u00e1v\u00e1 nejhez\u010d\u00ed sjezd dne. Zast\u00e1vka na ob\u011bd p\u0159inesla prvn\u00ed stravovac\u00ed probl\u00e9my Jirkovi. Ta such\u00e1 r\u00fd\u017ee se asi opravdu nedala j\u00edst. Do c\u00edle jsme p\u0159ijeli a\u017e za tmy celkem zdrchan\u00fd. Na Petra to ur\u010dit\u011b nem\u011blo tak\u00fd dopad jako na n\u00e1s ostatn\u00edch, Proto\u017ee jsme ho odt\u00e1hli z diskot\u00e9ky pln\u00e9 m\u00edstn\u00edch d\u011bv\u010dat dom\u016f p\u0159ed p\u016flnoc\u00ed. ( Jirka dostal nedova\u0159en\u00e9 t\u011bstoviny &#8211; proto si objednal p\u00e1livou pizzu &#8211; druh\u00e1 a t\u0159et\u00ed chyba. R\u00e1no po\u0159\u00e1dn\u011b sku\u010del vedle v kabince.)<\/p>\n<p><strong>Sobota:<\/strong> V sobotu jsme byli domluveni s dom\u00e1c\u00edmi cyklisty ze skupiny<a href=\"http:\/\/www.kolo-bezky.cz\"> kolo-bezky<\/a> .Kluci n\u00e1m dali p\u00e1r rad na trasy, kter\u00e9 jsme m\u011bli napl\u00e1novan\u00e9. Kousek za La\u010dnovem jsme se rozd\u011blili. My zam\u00ed\u0159ili na h\u0159eben Vizovick\u00fdch vrch\u016f a\u017e do Luha\u010dovic.<\/p>\n<p><strong>Ned\u011ble:<\/strong> Tak to byl z\u00e1\u017eitek. V poledne jsme m\u011bli odj\u00ed\u017ed\u011bt a tak jsme vyrazili na kr\u00e1tkou. No tak strm\u00fd kopec jsem je\u0161t\u011b netla\u010dil. \u00a0Ale sjezdy a h\u0159ebenovky to vynahradili.<\/p>\n<p><strong>Na z\u00e1v\u011br:<\/strong> Jak \u0159\u00edk\u00e1m, To se mus\u00ed pro\u017e\u00edt. Vy\u0161lo n\u00e1m v\u0161e. Po\u010das\u00ed bylo neskute\u010dn\u00e9. P\u0159\u00edroda n\u00e1dhern\u00e1. Trasy \u00a0v B\u00edl\u00fdch Karpatech a Vizovick\u00fdch vr\u0161\u00edch jsou nepopsateln\u00e9. Je to \u00fapln\u011b jin\u00e9 je\u017ed\u011bn\u00ed ne\u017e na Gard\u011b, nebo ve Val Di Sole kam jsme jezdili. V\u0161e bylo a\u017e na v\u00fdjimky jezdiv\u00e9, \u00a0z\u00e1bavn\u00e9, minimum \u00a0asfaltu \u00a0v lese a v\u0161e se odehr\u00e1v\u00e1 na h\u0159ebenech.<br \/>\nR\u00e1d bych se zde je\u0161t\u011b vr\u00e1til. m\u00edst je tu nes\u010detn\u011b.<\/p>\n<p>Jagermaistwer p\u0159ed span\u00edm.<br \/>\n<a href=\"http:\/\/legendmtbclub.cz\/?attachment_id=1276\" rel=\"attachment wp-att-1276\"><img loading=\"lazy\" decoding=\"async\" class=\"alignnone size-full wp-image-1276\" title=\"OLYMPUS DIGITAL CAMERA\" src=\"http:\/\/legendmtbclub.cz\/wp-content\/uploads\/2011\/10\/P9300126.jpg\" alt=\"\" width=\"620\" height=\"480\" \/><\/a><\/p>\n<p>Na trase k hranic\u00edm.<\/p>\n<p><a href=\"http:\/\/legendmtbclub.cz\/?attachment_id=1277\" rel=\"attachment wp-att-1277\"><img loading=\"lazy\" decoding=\"async\" class=\"alignnone  size-full wp-image-1277\" title=\"IMG_3467\" src=\"http:\/\/legendmtbclub.cz\/wp-content\/uploads\/2011\/10\/IMG_3467.jpg\" alt=\"\" width=\"620\" height=\"480\" \/><\/a><\/p>\n<p>\u010c\u00e1st skupiny cyklist\u016f z Brumova a Vala\u0161sk\u00fdch Klobouk.<\/p>\n<p><a href=\"http:\/\/legendmtbclub.cz\/?attachment_id=1278\" rel=\"attachment wp-att-1278\"><img loading=\"lazy\" decoding=\"async\" class=\"alignnone size-full wp-image-1278\" title=\"IMG_3566\" src=\"http:\/\/legendmtbclub.cz\/wp-content\/uploads\/2011\/10\/IMG_3566.jpg\" alt=\"\" width=\"620\" height=\"480\" \/><\/a><\/p>\n<p>S Jirkou jsme to m\u011bli zajedno, on dva kr\u00e1t zasukoval \u0159et\u011bz \u00a0a j\u00e1 dva kr\u00e1t prorazil du\u0161i.<\/p>\n<p><a href=\"http:\/\/legendmtbclub.cz\/?attachment_id=1279\" rel=\"attachment wp-att-1279\"><img loading=\"lazy\" decoding=\"async\" class=\"alignnone size-full wp-image-1279\" title=\"OLYMPUS DIGITAL CAMERA\" src=\"http:\/\/legendmtbclub.cz\/wp-content\/uploads\/2011\/10\/PA010154.jpg\" alt=\"\" width=\"620\" height=\"480\" \/><\/a><\/p>\n<p>Na\u0161li jsme tam i takov\u00e9 stoup\u00e1n\u00ed. Hodnocen\u00ed kopce: To by ani Jirka nevyjel. A s Petrem toho vyjeli spoustu.<\/p>\n<p><a href=\"http:\/\/legendmtbclub.cz\/?attachment_id=1283\" rel=\"attachment wp-att-1283\"><img loading=\"lazy\" decoding=\"async\" class=\"alignnone size-full wp-image-1283\" title=\"OLYMPUS DIGITAL CAMERA\" src=\"http:\/\/legendmtbclub.cz\/wp-content\/uploads\/2011\/10\/PA020269.jpg\" alt=\"\" width=\"620\" height=\"480\" \/><\/a><\/p>\n<p>Panoramata<\/p>\n<p><a href=\"http:\/\/legendmtbclub.cz\/?attachment_id=1288\" rel=\"attachment wp-att-1288\"><img loading=\"lazy\" decoding=\"async\" class=\"alignnone size-full wp-image-1288\" title=\"Panorama 7\" src=\"http:\/\/legendmtbclub.cz\/wp-content\/uploads\/2011\/10\/Panorama-7.jpg\" alt=\"\" width=\"1612\" height=\"473\" srcset=\"http:\/\/LegendMTBclub.cz\/wp-content\/uploads\/2011\/10\/Panorama-7.jpg 1612w, http:\/\/LegendMTBclub.cz\/wp-content\/uploads\/2011\/10\/Panorama-7-580x170.jpg 580w, http:\/\/LegendMTBclub.cz\/wp-content\/uploads\/2011\/10\/Panorama-7-1024x300.jpg 1024w\" sizes=\"auto, (max-width: 1612px) 100vw, 1612px\" \/><\/a><\/p>\n<p><iframe loading=\"lazy\" src=\"http:\/\/www.youtube.com\/embed\/vk8PsL52Niw\" frameborder=\"0\" width=\"640\" height=\"360\"><\/iframe><\/p>\n<p>Je\u0161t\u011b trasy<a href=\"http:\/\/www.cykloserver.cz\/cykloatlas\/?d=69237#pos=49.03199P17.95181P12\"> B\u00edl\u00e9 Karpaty<\/a> , <a href=\"http:\/\/www.cykloserver.cz\/cykloatlas\/?d=69248#pos=49.14861P17.89392P12\">Vizovick\u00e9 vrchy<\/a> a kousek <a href=\"http:\/\/www.cykloserver.cz\/cykloatlas\/?d=69249#pos=49.10409P18.06756P14\">nad Brumovem<\/a>. \u00a0<a href=\"http:\/\/legendmtbclub.cz\/?page_id=128&amp;album=10&amp;gallery=48\">Fotogalerie<\/a> a od <a href=\"http:\/\/legendmtbclub.cz\/?page_id=128&amp;album=10&amp;gallery=49\"> fotky Jirky<\/a><\/p>\n","protected":false},"excerpt":{"rendered":"<p>Slo\u017een\u00ed bandy: Jirka,Lojza,Pavel a Petr. \u00dakoly byli na za\u010d\u00e1tku jasn\u00e9. Pe\u0165a byl jmenov\u00e1n vrchn\u00edm dopravcem. Pavel jako v\u017edy tras\u00e9r. J\u00e1 jsem byl pasov\u00e1n na dokumentaristu a hoteli\u00e9ra. Jirka na domumentaristu a sva\u010din\u00e1\u0159e.<\/p>\n","protected":false},"author":1,"featured_media":1275,"comment_status":"open","ping_status":"open","sticky":false,"template":"","format":"standard","meta":{"ngg_post_thumbnail":0,"_jetpack_newsletter_access":"","_jetpack_dont_email_post_to_subs":false,"_jetpack_newsletter_tier_id":0,"_jetpack_memberships_contains_paywalled_content":false,"_jetpack_memberships_contains_paid_content":false,"footnotes":""},"categories":[1,5],"tags":[],"class_list":["post-1274","post","type-post","status-publish","format-standard","has-post-thumbnail","hentry","category-nezarazene","category-trasy"],"jetpack_featured_media_url":"https:\/\/LegendMTBclub.cz\/wp-content\/uploads\/2011\/10\/vizovickevrchy.jpg","jetpack_sharing_enabled":true,"jetpack_shortlink":"https:\/\/wp.me\/p8w082-ky","_links":{"self":[{"href":"https:\/\/LegendMTBclub.cz\/index.php?rest_route=\/wp\/v2\/posts\/1274","targetHints":{"allow":["GET"]}}],"collection":[{"href":"https:\/\/LegendMTBclub.cz\/index.php?rest_route=\/wp\/v2\/posts"}],"about":[{"href":"https:\/\/LegendMTBclub.cz\/index.php?rest_route=\/wp\/v2\/types\/post"}],"author":[{"embeddable":true,"href":"https:\/\/LegendMTBclub.cz\/index.php?rest_route=\/wp\/v2\/users\/1"}],"replies":[{"embeddable":true,"href":"https:\/\/LegendMTBclub.cz\/index.php?rest_route=%2Fwp%2Fv2%2Fcomments&post=1274"}],"version-history":[{"count":19,"href":"https:\/\/LegendMTBclub.cz\/index.php?rest_route=\/wp\/v2\/posts\/1274\/revisions"}],"predecessor-version":[{"id":1376,"href":"https:\/\/LegendMTBclub.cz\/index.php?rest_route=\/wp\/v2\/posts\/1274\/revisions\/1376"}],"wp:featuredmedia":[{"embeddable":true,"href":"https:\/\/LegendMTBclub.cz\/index.php?rest_route=\/wp\/v2\/media\/1275"}],"wp:attachment":[{"href":"https:\/\/LegendMTBclub.cz\/index.php?rest_route=%2Fwp%2Fv2%2Fmedia&parent=1274"}],"wp:term":[{"taxonomy":"category","embeddable":true,"href":"https:\/\/LegendMTBclub.cz\/index.php?rest_route=%2Fwp%2Fv2%2Fcategories&post=1274"},{"taxonomy":"post_tag","embeddable":true,"href":"https:\/\/LegendMTBclub.cz\/index.php?rest_route=%2Fwp%2Fv2%2Ftags&post=1274"}],"curies":[{"name":"wp","href":"https:\/\/api.w.org\/{rel}","templated":true}]}}