{"id":14419,"date":"2019-10-14T13:49:15","date_gmt":"2019-10-14T12:49:15","guid":{"rendered":"http:\/\/LegendMTBclub.cz\/?p=14419"},"modified":"2019-10-14T13:49:15","modified_gmt":"2019-10-14T12:49:15","slug":"vrcharska-koruna-jiznich-cech-2019-vitek-sirotek","status":"publish","type":"post","link":"http:\/\/LegendMTBclub.cz\/?p=14419","title":{"rendered":"Vrcha\u0159sk\u00e1 koruna Ji\u017en\u00edch \u010cech 2019 \u2013V\u00edtek Sirotek"},"content":{"rendered":"<p>V\u00edtek je ka\u017edoro\u010dn\u00edm \u00fa\u010dastn\u00edkem VKJ\u010c V\u00edtek p\u00ed\u0161e:<\/p>\n<p>Minul\u00e9 ro\u010dn\u00edky jsme obj\u00ed\u017ed\u011bli v Loudac\u00ed part\u011b, ale letos to pro m\u011b byla s\u00f3lo akce.<\/p>\n<p>1) 1 den: Autem jsem odvezl d\u011bti na t\u00e1bor do \u010c\u00edm\u011b\u0159e a pak si objel 3 vrcholy \u010cesk\u00e9 Kanady. Nejv\u011bt\u0161\u00edm z\u00e1\u017eitkem byl bikepark Hradi\u0161t\u011b &#8211; s hardtailem a mapn\u00edkem to bylo dost netradi\u010dn\u00ed. Je\u0161t\u011b \u017ee m\u011b nikdo nevid\u011bl!<\/p>\n<p>2) 3 dny: Alespo\u0148 na 3 dny jsem cht\u011bl vyjet v part\u011b na t\u011b\u017eko. Nakonec se mi to povedlo alespo\u0148 samotn\u00e9mu a na\u0161t\u011bst\u00ed se Jana s Petrem p\u0159idali &#8211; sice jsme spolu nejeli, ale m\u011bli jsme spole\u010dn\u00e9 span\u00ed v Borot\u00edn\u011b a ve Strakonic\u00edch a taky jsme se nepl\u00e1novan\u011b potk\u00e1vali na trase, co\u017e m\u011b v\u017edycky moc pot\u011b\u0161ilo. Jinak nev\u00edm, jak bych vydr\u017eel s\u00e1m se sebou 3 dny v kuse!<br \/>\nvlakem do Ra\u017eic, Zlat\u00e1 hora, Meheln\u00edk, Bukov\u00fd vrch, Kupa, Bukovec, span\u00ed v Borot\u00edn\u011b, K\u016fstr\u00fd, Krkav\u010d\u00ed sk\u00e1la, K\u0159emenec, \u010cert\u016fv N\u00e1ramek, span\u00ed ve Strakonic\u00edch, K\u016fstr\u00fd, Klostermanova sk\u00e1la, Slunovratov\u00e9 kameny, Kamen\u00e1\u010d a vlakem z Volar.<\/p>\n<p>3) 1 den: Vlakem do Prachatic p\u0159es Zelen\u00fd vrch, Kti\u0161skou horu a Raziberk na vlak do Vy\u0161\u0161\u00edho Brodu. V pl\u00e1nu byl i p\u0159ejezd na Hradi\u0161\u0165sk\u00fd vrch a dokon\u010den\u00ed VKJ\u010c, ale nebylo dost \u010dasu. Nevzal jsem si sv\u011btlo, a vlastn\u011b nebyla ani chu\u0165 a s\u00edla.<\/p>\n<p>4) 1 den: vlakem do Bujanova a p\u0159es Hradi\u0161\u0165sk\u00fd vrch zp\u011bt do \u010cB<\/p>\n<p>Zdar V.<\/p>\n<p><a href=\"http:\/\/LegendMTBclub.cz\/wp-content\/uploads\/2019\/10\/08-Bukovec.jpg\"><img loading=\"lazy\" decoding=\"async\" class=\"alignleft size-thumbnail wp-image-14439\" src=\"http:\/\/LegendMTBclub.cz\/wp-content\/uploads\/2019\/10\/08-Bukovec-150x150.jpg\" alt=\"\" width=\"150\" height=\"150\"><\/a><a href=\"http:\/\/LegendMTBclub.cz\/wp-content\/uploads\/2019\/10\/01-Skalka-M\u011bd\u011bnec.jpg\"><img loading=\"lazy\" decoding=\"async\" class=\"alignleft size-thumbnail wp-image-14420\" src=\"http:\/\/LegendMTBclub.cz\/wp-content\/uploads\/2019\/10\/01-Skalka-M\u011bd\u011bnec-150x150.jpg\" alt=\"\" width=\"150\" height=\"150\"><\/a> <a href=\"http:\/\/LegendMTBclub.cz\/wp-content\/uploads\/2019\/10\/02-T\u016fm\u016fv-Vrch.jpg\"><img loading=\"lazy\" decoding=\"async\" class=\"alignleft size-thumbnail wp-image-14421\" src=\"http:\/\/LegendMTBclub.cz\/wp-content\/uploads\/2019\/10\/02-T\u016fm\u016fv-Vrch-150x150.jpg\" alt=\"\" width=\"150\" height=\"150\"><\/a> <a href=\"http:\/\/LegendMTBclub.cz\/wp-content\/uploads\/2019\/10\/03-Hamrsk\u00fd-vrch.jpg\"><img loading=\"lazy\" decoding=\"async\" class=\"alignleft size-thumbnail wp-image-14422\" src=\"http:\/\/LegendMTBclub.cz\/wp-content\/uploads\/2019\/10\/03-Hamrsk\u00fd-vrch-150x150.jpg\" alt=\"\" width=\"150\" height=\"150\"><\/a> <a href=\"http:\/\/LegendMTBclub.cz\/wp-content\/uploads\/2019\/10\/04-Zlat\u00e1-hora.jpg\"><img loading=\"lazy\" decoding=\"async\" class=\"alignleft size-thumbnail wp-image-14423\" src=\"http:\/\/LegendMTBclub.cz\/wp-content\/uploads\/2019\/10\/04-Zlat\u00e1-hora-150x150.jpg\" alt=\"\" width=\"150\" height=\"150\"><\/a> <a href=\"http:\/\/LegendMTBclub.cz\/wp-content\/uploads\/2019\/10\/05-Velk\u00fd-Meheln\u00edk.jpg\"><img loading=\"lazy\" decoding=\"async\" class=\"alignleft size-thumbnail wp-image-14424\" src=\"http:\/\/LegendMTBclub.cz\/wp-content\/uploads\/2019\/10\/05-Velk\u00fd-Meheln\u00edk-150x150.jpg\" alt=\"\" width=\"150\" height=\"150\"><\/a> <a href=\"http:\/\/LegendMTBclub.cz\/wp-content\/uploads\/2019\/10\/06-Bukov\u00fd-vrch.jpg\"><img loading=\"lazy\" decoding=\"async\" class=\"alignleft size-thumbnail wp-image-14425\" src=\"http:\/\/LegendMTBclub.cz\/wp-content\/uploads\/2019\/10\/06-Bukov\u00fd-vrch-150x150.jpg\" alt=\"\" width=\"150\" height=\"150\"><\/a> <a href=\"http:\/\/LegendMTBclub.cz\/wp-content\/uploads\/2019\/10\/07-Kupa.jpg\"><img loading=\"lazy\" decoding=\"async\" class=\"alignleft size-thumbnail wp-image-14426\" src=\"http:\/\/LegendMTBclub.cz\/wp-content\/uploads\/2019\/10\/07-Kupa-150x150.jpg\" alt=\"\" width=\"150\" height=\"150\"><\/a> <a href=\"http:\/\/LegendMTBclub.cz\/wp-content\/uploads\/2019\/10\/09-Krkav\u010d\u00ed-sk\u00e1la.jpg\"><img loading=\"lazy\" decoding=\"async\" class=\"alignleft size-thumbnail wp-image-14427\" src=\"http:\/\/LegendMTBclub.cz\/wp-content\/uploads\/2019\/10\/09-Krkav\u010d\u00ed-sk\u00e1la-150x150.jpg\" alt=\"\" width=\"150\" height=\"150\"><\/a> <a href=\"http:\/\/LegendMTBclub.cz\/wp-content\/uploads\/2019\/10\/10-K\u0159emenec.jpg\"><img loading=\"lazy\" decoding=\"async\" class=\"alignleft size-thumbnail wp-image-14428\" src=\"http:\/\/LegendMTBclub.cz\/wp-content\/uploads\/2019\/10\/10-K\u0159emenec-150x150.jpg\" alt=\"\" width=\"150\" height=\"150\"><\/a> <a href=\"http:\/\/LegendMTBclub.cz\/wp-content\/uploads\/2019\/10\/11-\u010cert\u016fv-n\u00e1ramek.jpg\"><img loading=\"lazy\" decoding=\"async\" class=\"alignleft size-thumbnail wp-image-14429\" src=\"http:\/\/LegendMTBclub.cz\/wp-content\/uploads\/2019\/10\/11-\u010cert\u016fv-n\u00e1ramek-150x150.jpg\" alt=\"\" width=\"150\" height=\"150\"><\/a> <a href=\"http:\/\/LegendMTBclub.cz\/wp-content\/uploads\/2019\/10\/12-K\u016fstr\u00fd.jpg\"><img loading=\"lazy\" decoding=\"async\" class=\"alignleft size-thumbnail wp-image-14430\" src=\"http:\/\/LegendMTBclub.cz\/wp-content\/uploads\/2019\/10\/12-K\u016fstr\u00fd-150x150.jpg\" alt=\"\" width=\"150\" height=\"150\"><\/a> <a href=\"http:\/\/LegendMTBclub.cz\/wp-content\/uploads\/2019\/10\/13-Klostermanova-sk\u00e1la.jpg\"><img loading=\"lazy\" decoding=\"async\" class=\"alignleft size-thumbnail wp-image-14431\" src=\"http:\/\/LegendMTBclub.cz\/wp-content\/uploads\/2019\/10\/13-Klostermanova-sk\u00e1la-150x150.jpg\" alt=\"\" width=\"150\" height=\"150\"><\/a> <a href=\"http:\/\/LegendMTBclub.cz\/wp-content\/uploads\/2019\/10\/14-Slunovratov\u00e9-kameny.jpg\"><img loading=\"lazy\" decoding=\"async\" class=\"alignleft size-thumbnail wp-image-14432\" src=\"http:\/\/LegendMTBclub.cz\/wp-content\/uploads\/2019\/10\/14-Slunovratov\u00e9-kameny-150x150.jpg\" alt=\"\" width=\"150\" height=\"150\"><\/a> <a href=\"http:\/\/LegendMTBclub.cz\/wp-content\/uploads\/2019\/10\/15-Kamen\u00e1\u010d.jpg\"><img loading=\"lazy\" decoding=\"async\" class=\"alignleft size-thumbnail wp-image-14433\" src=\"http:\/\/LegendMTBclub.cz\/wp-content\/uploads\/2019\/10\/15-Kamen\u00e1\u010d-150x150.jpg\" alt=\"\" width=\"150\" height=\"150\"><\/a> <a href=\"http:\/\/LegendMTBclub.cz\/wp-content\/uploads\/2019\/10\/16-Zelen\u00fd-vrch.jpg\"><img loading=\"lazy\" decoding=\"async\" class=\"alignleft size-thumbnail wp-image-14434\" src=\"http:\/\/LegendMTBclub.cz\/wp-content\/uploads\/2019\/10\/16-Zelen\u00fd-vrch-150x150.jpg\" alt=\"\" width=\"150\" height=\"150\"><\/a> <a href=\"http:\/\/LegendMTBclub.cz\/wp-content\/uploads\/2019\/10\/17-Kti\u0161sk\u00e1-hora.jpg\"><img loading=\"lazy\" decoding=\"async\" class=\"alignleft size-thumbnail wp-image-14435\" src=\"http:\/\/LegendMTBclub.cz\/wp-content\/uploads\/2019\/10\/17-Kti\u0161sk\u00e1-hora-150x150.jpg\" alt=\"\" width=\"150\" height=\"150\"><\/a> <a href=\"http:\/\/LegendMTBclub.cz\/wp-content\/uploads\/2019\/10\/18-Raziberk.jpg\"><img loading=\"lazy\" decoding=\"async\" class=\"alignleft size-thumbnail wp-image-14436\" src=\"http:\/\/LegendMTBclub.cz\/wp-content\/uploads\/2019\/10\/18-Raziberk-150x150.jpg\" alt=\"\" width=\"150\" height=\"150\"><\/a> <a href=\"http:\/\/LegendMTBclub.cz\/wp-content\/uploads\/2019\/10\/19-Mal\u0161\u00edn.jpg\"><img loading=\"lazy\" decoding=\"async\" class=\"alignleft size-thumbnail wp-image-14437\" src=\"http:\/\/LegendMTBclub.cz\/wp-content\/uploads\/2019\/10\/19-Mal\u0161\u00edn-150x150.jpg\" alt=\"\" width=\"150\" height=\"150\"><\/a> <a href=\"http:\/\/LegendMTBclub.cz\/wp-content\/uploads\/2019\/10\/20-Hradi\u0161\u0165sk\u00fd-vrch.jpg\"><img loading=\"lazy\" decoding=\"async\" class=\"alignleft size-thumbnail wp-image-14438\" src=\"http:\/\/LegendMTBclub.cz\/wp-content\/uploads\/2019\/10\/20-Hradi\u0161\u0165sk\u00fd-vrch-150x150.jpg\" alt=\"\" width=\"150\" height=\"150\"><\/a><\/p>\n","protected":false},"excerpt":{"rendered":"<p>V\u00edtek je ka\u017edoro\u010dn\u00edm \u00fa\u010dastn\u00edkem VKJ\u010c V\u00edtek p\u00ed\u0161e: Minul\u00e9 ro\u010dn\u00edky jsme obj\u00ed\u017ed\u011bli v Loudac\u00ed part\u011b, ale letos to pro m\u011b byla s\u00f3lo akce. 1) 1 den: Autem jsem odvezl d\u011bti na t\u00e1bor do \u010c\u00edm\u011b\u0159e a pak si objel 3 vrcholy \u010cesk\u00e9 &hellip; <a href=\"http:\/\/LegendMTBclub.cz\/?p=14419\">Cel\u00fd p\u0159\u00edsp\u011bvek <span class=\"meta-nav\">&rarr;<\/span><\/a><\/p>\n","protected":false},"author":1,"featured_media":0,"comment_status":"closed","ping_status":"open","sticky":false,"template":"","format":"standard","meta":{"ngg_post_thumbnail":0,"_jetpack_newsletter_access":"","_jetpack_dont_email_post_to_subs":false,"_jetpack_newsletter_tier_id":0,"_jetpack_memberships_contains_paywalled_content":false,"_jetpack_memberships_contains_paid_content":false,"footnotes":""},"categories":[1],"tags":[],"class_list":["post-14419","post","type-post","status-publish","format-standard","hentry","category-nezarazene"],"jetpack_featured_media_url":"","jetpack_sharing_enabled":true,"jetpack_shortlink":"https:\/\/wp.me\/p8w082-3Kz","_links":{"self":[{"href":"http:\/\/LegendMTBclub.cz\/index.php?rest_route=\/wp\/v2\/posts\/14419","targetHints":{"allow":["GET"]}}],"collection":[{"href":"http:\/\/LegendMTBclub.cz\/index.php?rest_route=\/wp\/v2\/posts"}],"about":[{"href":"http:\/\/LegendMTBclub.cz\/index.php?rest_route=\/wp\/v2\/types\/post"}],"author":[{"embeddable":true,"href":"http:\/\/LegendMTBclub.cz\/index.php?rest_route=\/wp\/v2\/users\/1"}],"replies":[{"embeddable":true,"href":"http:\/\/LegendMTBclub.cz\/index.php?rest_route=%2Fwp%2Fv2%2Fcomments&post=14419"}],"version-history":[{"count":1,"href":"http:\/\/LegendMTBclub.cz\/index.php?rest_route=\/wp\/v2\/posts\/14419\/revisions"}],"predecessor-version":[{"id":14440,"href":"http:\/\/LegendMTBclub.cz\/index.php?rest_route=\/wp\/v2\/posts\/14419\/revisions\/14440"}],"wp:attachment":[{"href":"http:\/\/LegendMTBclub.cz\/index.php?rest_route=%2Fwp%2Fv2%2Fmedia&parent=14419"}],"wp:term":[{"taxonomy":"category","embeddable":true,"href":"http:\/\/LegendMTBclub.cz\/index.php?rest_route=%2Fwp%2Fv2%2Fcategories&post=14419"},{"taxonomy":"post_tag","embeddable":true,"href":"http:\/\/LegendMTBclub.cz\/index.php?rest_route=%2Fwp%2Fv2%2Ftags&post=14419"}],"curies":[{"name":"wp","href":"https:\/\/api.w.org\/{rel}","templated":true}]}}